{"id":11793,"date":"2009-11-27T20:52:53","date_gmt":"2009-11-28T00:52:53","guid":{"rendered":"http:\/\/piel-l.org\/blog\/?p=11793"},"modified":"2009-11-27T22:24:49","modified_gmt":"2009-11-28T02:24:49","slug":"dos-congresos-dermatologicos-dos-historias-un-mismo-fin","status":"publish","type":"post","link":"https:\/\/piel-l.org\/blog\/11793","title":{"rendered":"Dos congresos dermatol\u00f3gicos, dos historias, un mismo fin"},"content":{"rendered":"<p style=\"text-align: center;\"><span style=\"color: #888888;\"><span style=\"font-size: x-small;\"><img loading=\"lazy\" decoding=\"async\" class=\"alignnone size-full wp-image-11794\" title=\"editorial254\" src=\"http:\/\/piel-l.org\/blog\/wp-content\/uploads\/\/2009\/11\/editorial254.jpg\" alt=\"editorial254\" width=\"400\" height=\"120\" srcset=\"https:\/\/piel-l.org\/blog\/wp-content\/uploads\/2009\/11\/editorial254.jpg 400w, https:\/\/piel-l.org\/blog\/wp-content\/uploads\/2009\/11\/editorial254-300x90.jpg 300w\" sizes=\"auto, (max-width: 400px) 100vw, 400px\" \/><br \/>\n David Alfaro Siqueiros, mural Del porfirismo a la revoluci\u00f3n (fragmento). M\u00e9xico, Museo Nacional de Historia, Castillo de Chapultepec.<\/span><\/span><\/p>\n<p>Cuando el 14 de Noviembre de 1936 un grupo entusiasta de dermat\u00f3logos venezolanos decide unir esfuerzos para \u201cfomentar la soluci\u00f3n adecuada a nuestros problemas de s\u00edfilis y lepra\u201d se sientan las bases para fundar la Sociedad Venezolana de Sifilograf\u00eda y Leprolog\u00eda germen de la que luego se denomino (7 de Julio de 1945) Sociedad Venezolana de Dermatolog\u00eda y Venereolog\u00eda y la que hoy se llama Sociedad Venezolana de Dermatolog\u00eda y Cirug\u00eda Dermatologica.<\/p>\n<p><!--more--><br \/>\n Desde sus inicios la actividad acad\u00e9mica desplegada por sus miembros fundadores hizo que el 23 de Febrero de 1943 se realizaran las primeras Jornadas Venezolanas de Venereolog\u00eda y Dermatolog\u00eda , que este a\u00f1o 2009 llegan a 45 reuniones anuales con la adici\u00f3n del 13va encuentro Colombo-Venezolano celebrados en el marco de una s\u00f3lida confraternidad, camarader\u00eda y\u00a0 alta calidad cient\u00edfica . La presencia de 15 invitados profesores internacionales\u00a0 de EEUU, Italia, Espa\u00f1a, Colombia,\u00a0 M\u00e9xico, Rep\u00fablica Dominicana, Panam\u00e1, Argentina,\u00a0 y m\u00e1s de 30 destacados expertos nacionales coron\u00f3 con gran \u00e9xito un excelente programa cient\u00edfico.<\/p>\n<p>A pocos d\u00edas de haber concluido el evento Venezolano se celebro en la ciudad de Managua el 26 Congreso Centroamericano de Dermatolog\u00eda y 24 Congreso Nicarag\u00fcense de Dermatolog\u00eda. M\u00e1s de ochenta profesores de Centroam\u00e9rica, Suram\u00e9rica, Norteam\u00e9rica y Europa engalanaron el evento.<\/p>\n<p>All\u00e1 por el a\u00f1o de 1957, los dermat\u00f3logos salvadore\u00f1os organizaron un congreso en su pa\u00eds al que convocaron a los colegas centroamericanos y lo denominaron Primer Congreso Centroamericano de Dermatolog\u00eda, exist\u00eda ya la inquietud de formar una sociedad centroamericana, lo que se llev\u00f3 a feliz t\u00e9rmino despu\u00e9s de la clausura del congreso en una sesi\u00f3n\u00a0 a orillas del bello lago de Coatepeque, el d\u00eda 8 de Diciembre de 1957.<\/p>\n<p>Desde ese entonces la Sociedad Centroamericana de Dermatolog\u00eda ha sido integrada por\u00a0 miembros de cada una de las agrupaciones de los diversos pa\u00edses y ha tenido como principal actividad la organizaci\u00f3n de estos congresos, los que se han realizado de manera continua cada dos a\u00f1os. Un hecho sobresaliente ha sido la participaci\u00f3n\u00a0 de los miembros de la Sociedad Dominicana de Dermatolog\u00eda, lo que llevo a la directiva de la SCCAD ha recibir como miembros a este selecto y din\u00e1mico grupo que ha pasado a enriquecer la sociedad y a expandir sus fronteras al Caribe.<\/p>\n<p>Los congresos centroamericanos que se iniciaron de manera modesta, han ido creciendo paulatinamente, la calidad cient\u00edfica y acad\u00e9mica se ha superado y el n\u00famero de congresistas ha aumentado significativamente. Este a\u00f1o la junta directiva conformada\u00a0 por los dres. Jorge Neira (Presidente del Congreso),\u00a0 Aldo Mart\u00ednez (Presidente honorario), Miriam Fiallos (Secretaria adjunta SCCAD) , Andr\u00e9s Zamora, Luis Cantillo, Sonia Rivas, Tania Iris Arauz, Julio Cesar P\u00e9rez, Isabel Castillo y Raquel Rodr\u00edguez , han tenido el honor de celebrar este c\u00f3nclave, el n\u00famero 26 de ellos .<\/p>\n<p>El fin com\u00fan de ambas reuniones se logro, estrechar los lazos sociales y conocer los adelantos t\u00e9cnicos cient\u00edficos de la Dermatolog\u00eda del siglo XXI<\/p>\n<p>Desde Piel latinoamericana les enviamos a ambas directivas organizadoras nuestras felicitaciones<\/p>\n<p>Editores<\/p>\n<p><em><strong>Nota: En los archivos de Piel latinoamericana reposan las hermosas palabras dictadas por el Dr. Enrique Hern\u00e1ndez P\u00e9rez sobre el Congreso Centroamericano de Dermatolog\u00eda. [<a href=\"http:\/\/piel-l.org\/blog\/wp-content\/uploads\/\/2009\/11\/CONGRESO-CENTROAMERICANO.doc\" target=\"_blank\">Clic aqui para descargar<\/a>]<\/strong><\/em><\/p>\n<p><em><strong>Asimismo en la secci\u00f3n Vitrina de esta edici\u00f3n iconografia del Congreso de Managua<\/strong><\/em><\/p>\n","protected":false},"excerpt":{"rendered":"<p>David Alfaro Siqueiros, mural Del porfirismo a la revoluci\u00f3n (fragmento). M\u00e9xico, Museo Nacional de Historia, Castillo de Chapultepec. Cuando el 14 de Noviembre de 1936 un grupo entusiasta de dermat\u00f3logos venezolanos decide unir esfuerzos para \u201cfomentar la soluci\u00f3n adecuada a nuestros problemas de s\u00edfilis y lepra\u201d se sientan las bases para fundar la Sociedad Venezolana &hellip;<\/p>\n","protected":false},"author":16,"featured_media":0,"comment_status":"open","ping_status":"open","sticky":false,"template":"","format":"standard","meta":{"footnotes":""},"categories":[15],"tags":[],"class_list":["post-11793","post","type-post","status-publish","format-standard","","category-editorial"],"_links":{"self":[{"href":"https:\/\/piel-l.org\/blog\/wp-json\/wp\/v2\/posts\/11793","targetHints":{"allow":["GET"]}}],"collection":[{"href":"https:\/\/piel-l.org\/blog\/wp-json\/wp\/v2\/posts"}],"about":[{"href":"https:\/\/piel-l.org\/blog\/wp-json\/wp\/v2\/types\/post"}],"author":[{"embeddable":true,"href":"https:\/\/piel-l.org\/blog\/wp-json\/wp\/v2\/users\/16"}],"replies":[{"embeddable":true,"href":"https:\/\/piel-l.org\/blog\/wp-json\/wp\/v2\/comments?post=11793"}],"version-history":[{"count":0,"href":"https:\/\/piel-l.org\/blog\/wp-json\/wp\/v2\/posts\/11793\/revisions"}],"wp:attachment":[{"href":"https:\/\/piel-l.org\/blog\/wp-json\/wp\/v2\/media?parent=11793"}],"wp:term":[{"taxonomy":"category","embeddable":true,"href":"https:\/\/piel-l.org\/blog\/wp-json\/wp\/v2\/categories?post=11793"},{"taxonomy":"post_tag","embeddable":true,"href":"https:\/\/piel-l.org\/blog\/wp-json\/wp\/v2\/tags?post=11793"}],"curies":[{"name":"wp","href":"https:\/\/api.w.org\/{rel}","templated":true}]}}