{"id":12801,"date":"2010-01-15T20:45:15","date_gmt":"2010-01-16T00:45:15","guid":{"rendered":"http:\/\/piel-l.org\/blog\/?p=12801"},"modified":"2010-01-30T04:56:22","modified_gmt":"2010-01-30T08:56:22","slug":"diez-propositos-para-el-2010","status":"publish","type":"post","link":"https:\/\/piel-l.org\/blog\/12801","title":{"rendered":"Diez prop\u00f3sitos para el 2010"},"content":{"rendered":"<p><a href=\"http:\/\/piel-l.org\/blog\/wp-content\/uploads\/\/2010\/01\/monet_258.jpg\"><img loading=\"lazy\" decoding=\"async\" class=\"size-full wp-image-12808 alignnone\" title=\"monet_258\" src=\"http:\/\/piel-l.org\/blog\/wp-content\/uploads\/\/2010\/01\/monet_258.jpg\" alt=\"\" width=\"265\" height=\"200\" srcset=\"https:\/\/piel-l.org\/blog\/wp-content\/uploads\/2010\/01\/monet_258.jpg 400w, https:\/\/piel-l.org\/blog\/wp-content\/uploads\/2010\/01\/monet_258-300x226.jpg 300w\" sizes=\"auto, (max-width: 265px) 100vw, 265px\" \/><\/a><br \/>\n <span style=\"color: #888888;\"><em>El amanecer<br \/>\n Claude Monet<\/em><\/span><\/p>\n<p>Todos los a\u00f1os, personal o colectivamente formulamos\u00a0 deseos o promesas de cambios en nuestras vidas, en Piel Latinoamericana tambi\u00e9n lo hacemos como un mecanismo de mejoramiento obligado que incida en la calidad de la publicaci\u00f3n y, por tal motivo, los citamos a continuaci\u00f3n:<\/p>\n<p><!--more--> <br \/>\n 1.-Superarnos en cada edici\u00f3n\u00a0 con la intenci\u00f3n de convertirnos en la consulta obligada.<\/p>\n<p>2.- Aumentar sustancialmente el n\u00famero de suscriptores hasta llegar a\u00a0 10.000.<\/p>\n<p>3.- Cambios en la presentaci\u00f3n de la\u00a0 edici\u00f3n con la\u00a0 idea de hacerla m\u00e1s amigable.<\/p>\n<p>4.-Cursos de educaci\u00f3n m\u00e9dica continuada que complementen\u00a0 la labor de los postgrados y centros acad\u00e9micos.<\/p>\n<p>5.- Atlas dermatol\u00f3gico.\u00a0\u00a0 Diccionario dermatol\u00f3gico. Traducci\u00f3n\u00a0 al ingl\u00e9s y portugu\u00e9s del contenido de la edici\u00f3n<\/p>\n<p>6.- Foro Dermatopatologico. Este proyecto intenta reunir en un m\u00f3dulo a\u00a0 expertos en el \u00e1rea de la\u00a0 Dermatopatolog\u00eda\u00a0 con la finalidad de servir tanto como p\u00e1gina informativa, educativa y de consulta en todo lo relacionado con esa subespecialidad, como\u00a0 de\u00a0 experiencia piloto en foros de otras subespecialidades .<\/p>\n<p>7.- Calendario Google: Adem\u00e1s del calendario de actividades que mostramos a trav\u00e9s de \u201cLa voz del dermat\u00f3logo\u201d, pondremos a funcionar un calendario de actividades dermatol\u00f3gicas que se realizan en el mundo, para ello adquirimos el calendario dermatol\u00f3gico de Google.<\/p>\n<p>8.- Quiniela del mundial de football. As\u00ed como hace cuatro a\u00f1os, piel latinoamericana tuvo una participaci\u00f3n activa en esa competencia deportiva, este a\u00f1o de nuevo estamos elaborando un interesante concurso para que participen todos los suscriptores de Piel-l, con interesantes premios de inscripciones, pasajes y alojamientos a los mas importantes eventos dermatol\u00f3gicos<\/p>\n<p>9.- Regulaci\u00f3n\u00a0 de acceso\u00a0 con el fin\u00a0\u00a0 de que a\u00fan cuando los usuarios seguir\u00e1n teniendo acceso de forma libre y gratuita, el comit\u00e9 editorial de\u00a0 Piel-L se reserva el derecho a limitar determinados contenidos con el fin de lograr un mejor aprovechamiento\u00a0 de la lectura ofrecida. Estamos contemplando la posibilidad de exigir el registro de\u00a0 datos y\u00a0 clave previo al acceso.<br \/>\n 10.- Participaci\u00f3n en el Congreso Ibero latinoamericano de Dermatolog\u00eda en Canc\u00fan. Este a\u00f1o el magno congreso de la Dermatolog\u00eda ibero latinoamericana se celebrara en Canc\u00fan, Mexico y en el marco del evento, Piel latinoamericana tendr\u00e1 presencia con un \u00e1rea donde se podr\u00e1 encontrar informaci\u00f3n e inscripci\u00f3n, adem\u00e1s de una sesi\u00f3n en donde todos los colaboradores y participantes podremos compartir socialmente.<\/p>\n<p>Estamos seguros que con la ayuda de ustedes haremos realidad estos deseos de nuevo a\u00f1o<br \/>\n Los editores<\/p>\n","protected":false},"excerpt":{"rendered":"<p>El amanecer Claude Monet Todos los a\u00f1os, personal o colectivamente formulamos\u00a0 deseos o promesas de cambios en nuestras vidas, en Piel Latinoamericana tambi\u00e9n lo hacemos como un mecanismo de mejoramiento obligado que incida en la calidad de la publicaci\u00f3n y, por tal motivo, los citamos a continuaci\u00f3n:<\/p>\n","protected":false},"author":16,"featured_media":0,"comment_status":"open","ping_status":"open","sticky":false,"template":"","format":"standard","meta":{"footnotes":""},"categories":[15],"tags":[],"class_list":["post-12801","post","type-post","status-publish","format-standard","","category-editorial"],"_links":{"self":[{"href":"https:\/\/piel-l.org\/blog\/wp-json\/wp\/v2\/posts\/12801","targetHints":{"allow":["GET"]}}],"collection":[{"href":"https:\/\/piel-l.org\/blog\/wp-json\/wp\/v2\/posts"}],"about":[{"href":"https:\/\/piel-l.org\/blog\/wp-json\/wp\/v2\/types\/post"}],"author":[{"embeddable":true,"href":"https:\/\/piel-l.org\/blog\/wp-json\/wp\/v2\/users\/16"}],"replies":[{"embeddable":true,"href":"https:\/\/piel-l.org\/blog\/wp-json\/wp\/v2\/comments?post=12801"}],"version-history":[{"count":0,"href":"https:\/\/piel-l.org\/blog\/wp-json\/wp\/v2\/posts\/12801\/revisions"}],"wp:attachment":[{"href":"https:\/\/piel-l.org\/blog\/wp-json\/wp\/v2\/media?parent=12801"}],"wp:term":[{"taxonomy":"category","embeddable":true,"href":"https:\/\/piel-l.org\/blog\/wp-json\/wp\/v2\/categories?post=12801"},{"taxonomy":"post_tag","embeddable":true,"href":"https:\/\/piel-l.org\/blog\/wp-json\/wp\/v2\/tags?post=12801"}],"curies":[{"name":"wp","href":"https:\/\/api.w.org\/{rel}","templated":true}]}}