{"id":14931,"date":"2010-04-30T22:58:27","date_gmt":"2010-05-01T02:58:27","guid":{"rendered":"http:\/\/piel-l.org\/blog\/?p=14931"},"modified":"2010-05-01T01:02:23","modified_gmt":"2010-05-01T05:02:23","slug":"el-envejecimiento","status":"publish","type":"post","link":"https:\/\/piel-l.org\/blog\/14931","title":{"rendered":"El Envejecimiento"},"content":{"rendered":"<table style=\"width: 360px; height: 232px;\" border=\"0\" cellspacing=\"2\" cellpadding=\"2\">\n<tbody>\n<tr>\n<td><span style=\"font-size: xx-small;\"><img loading=\"lazy\" decoding=\"async\" class=\"alignnone size-full wp-image-15107\" title=\"editorial-268\" src=\"http:\/\/piel-l.org\/blog\/wp-content\/uploads\/\/2010\/04\/editorial-268.jpg\" alt=\"\" width=\"223\" height=\"247\" \/><\/span><\/td>\n<td>\n<p><span style=\"font-size: x-small;\"><em>El viejo era flaco y desgarbado,<br \/>\n con profundas arrugas<br \/>\n en la parte posterior<br \/>\n del cuello.<\/em><\/span><\/p>\n<p><span style=\"font-size: x-small;\"><em>Sus mejillas mostraban<br \/>\n las manchas pardas<br \/>\n del c\u00e1ncer benigno de piel<br \/>\n que el sol produce<br \/>\n con sus reflejos en el mar<br \/>\n tropical \u2026<\/em><\/span><\/p>\n<p><span style=\"font-size: x-small;\"><em>Ernest  Hemingway (1899-1961)<\/em><br \/>\n <em>The old man and the sea<\/em><\/span><\/p>\n<\/td>\n<\/tr>\n<\/tbody>\n<\/table>\n<p>Cuando nos detenemos a\u00a0 pensar en la significaci\u00f3n del t\u00e9rmino \u201cenvejecimiento\u201d, encontramos la curiosa  paradoja de su doble significado: mientras que en nuestro campo de trabajo designa  la decadencia, deterioro de cuerpo y la piel, en otros, como es el caso de  la Enolog\u00eda, constituye, por ejemplo,\u00a0 la condici\u00f3n <em>sine qua non <\/em>para  dotar de calidad o nobleza\u00a0 al vino.<\/p>\n<p><!--more--><\/p>\n<p>Tambi\u00e9n en Venezuela el uso de la  palabra envejecimiento, con valor positivo, se ha venido empleando\u00a0 para  denominar aspectos y caracter\u00edsticas est\u00e9ticas de una materia o de un objeto, tal  es el caso de las expresiones: \u201ccolor envejecido\u201d, \u201cmueble envejecido\u201d ,  \u201dqueso envejecido o a\u00f1ejado\u201d. L\u00e1stima que el profesor \u00c1ngel Rosenblat, a causa  del envejecimiento, ya no est\u00e9 con nosotros\u00a0 para que explicara las nuevas accesiones de la palabra envejecimiento que traduce\u00a0 esta dualidad .<\/p>\n<p>Pero en nuestra \u00f3ptica m\u00e9dica,\u00a0 el envejecimiento es un conjunto de modificaciones morfol\u00f3gicas y fisiol\u00f3gicas que aparecen como  consecuencia de la acci\u00f3n del tiempo sobre los seres vivos, lo que supone una disminuci\u00f3n\u00a0  de la capacidad de adaptaci\u00f3n en cada uno de los \u00f3rganos, aparatos y sistemas,  as\u00ed como de la capacidad de respuesta a los agentes lesivos que inciden en  el individuo. Es por lo tanto una situaci\u00f3n decrepita, vetusta y\/o achacosa  que casi siempre implica debilidad, enfermedad y limitaci\u00f3n.<\/p>\n<p>Cada d\u00eda nuestra expectativa  de vida aumenta considerablemente y ya hay pueblos con un promedio de vida de 80  a\u00f1os (favor ver  Comunicaciones Importante en esta edici\u00f3n) , lo que  permitir\u00eda la oportunidad de observar todas las alteraciones propias de vivir m\u00e1s  a\u00f1os, es decir de llegar a longevo.\u00a0 Por otra parte, la popularizaci\u00f3n de los  deportes al aire libre, muchos de ellos marcadores de un estatus social, como los deportes de mar, han incrementado el otro tipo de envejecimiento  conocido como fotoenvejecimiento o dermatoheliosis, que cubre\u00a0 la piel con manchas  oscuras, arrugas finas, p\u00e9rdida de la textura de la piel y lo que es peor,  favorecen la aparici\u00f3n de lesiones precancerosas y cancerosas.<\/p>\n<p>La medicina en su  responsabilidad de devolver la salud perdida,\u00a0 acelera los paso en la incorporaci\u00f3n de los  avances tecnol\u00f3gicos a fin de amenguar\u00a0 el paso de los a\u00f1os y revertir el  deterioro del \u00f3rgano m\u00e1s extenso y expuesto a las inclemencias del tiempo, como es la  piel. Adem\u00e1s usa las otras ciencias auxiliares como la biolog\u00eda molecular, inmunolog\u00eda, bioqu\u00edmica, nanotecnolog\u00eda, entre otras, para ayudar a  entender el procesos del envejecimiento y buscar la mejor y m\u00e1s cient\u00edfica forma de entenderlo y de esta manera manejarla correctamente.<\/p>\n<p>La dermatolog\u00eda preventiva  es la subespecialidad que se ocupa de la prevenci\u00f3n y profilaxis de estas  agresiones y otros causantes de las enfermedades de la piel, ense\u00f1a a los pacientes  el uso de ropas adecuadas, el empleo de bloqueadores solares, y educaci\u00f3n  m\u00e9dica dermatol\u00f3gica en un sentido general.<\/p>\n<p>Evitar exposiciones  continuas y prolongadas al sol, son hoy d\u00eda una de las principales pr\u00e9dicas de los  m\u00e9dicos dermat\u00f3logos y de las Sociedades dermatol\u00f3gicas del mundo para preservar mediante el empleo del sentido com\u00fan las condiciones esenciales de una  piel sana y atractiva.<\/p>\n<p>La Sociedad Venezolana de Dermatolog\u00eda y Cirug\u00eda Dermatol\u00f3gica realiz\u00f3 la semana pasada con gran  \u00e9xito las IV Jornadas de Dermatolog\u00eda Est\u00e9tica y Antenvejecimiento en Caracas,  con una importante asistencia,\u00a0 superior a 450 m\u00e9dicos y presencia activa de destacados expertos internacionales y nacionales. Este evento que cont\u00f3  con el apoyo de la industria farmac\u00e9utica, de la academia y del gremio m\u00e9dico dermatol\u00f3gico vino a reforzar la formaci\u00f3n m\u00e9dica especializada en este  campo de la dermatolog\u00eda y cirug\u00eda dermatol\u00f3gica que ha cobrado un gran  inter\u00e9s actualmente.<\/p>\n<p><strong>Los Editores<\/strong><\/p>\n","protected":false},"excerpt":{"rendered":"<p>El viejo era flaco y desgarbado, con profundas arrugas en la parte posterior del cuello. Sus mejillas mostraban las manchas pardas del c\u00e1ncer benigno de piel que el sol produce con sus reflejos en el mar tropical \u2026 Ernest Hemingway (1899-1961) The old man and the sea Cuando nos detenemos a\u00a0 pensar en la significaci\u00f3n &hellip;<\/p>\n","protected":false},"author":16,"featured_media":0,"comment_status":"open","ping_status":"open","sticky":false,"template":"","format":"standard","meta":{"footnotes":""},"categories":[15],"tags":[],"class_list":["post-14931","post","type-post","status-publish","format-standard","","category-editorial"],"_links":{"self":[{"href":"https:\/\/piel-l.org\/blog\/wp-json\/wp\/v2\/posts\/14931","targetHints":{"allow":["GET"]}}],"collection":[{"href":"https:\/\/piel-l.org\/blog\/wp-json\/wp\/v2\/posts"}],"about":[{"href":"https:\/\/piel-l.org\/blog\/wp-json\/wp\/v2\/types\/post"}],"author":[{"embeddable":true,"href":"https:\/\/piel-l.org\/blog\/wp-json\/wp\/v2\/users\/16"}],"replies":[{"embeddable":true,"href":"https:\/\/piel-l.org\/blog\/wp-json\/wp\/v2\/comments?post=14931"}],"version-history":[{"count":0,"href":"https:\/\/piel-l.org\/blog\/wp-json\/wp\/v2\/posts\/14931\/revisions"}],"wp:attachment":[{"href":"https:\/\/piel-l.org\/blog\/wp-json\/wp\/v2\/media?parent=14931"}],"wp:term":[{"taxonomy":"category","embeddable":true,"href":"https:\/\/piel-l.org\/blog\/wp-json\/wp\/v2\/categories?post=14931"},{"taxonomy":"post_tag","embeddable":true,"href":"https:\/\/piel-l.org\/blog\/wp-json\/wp\/v2\/tags?post=14931"}],"curies":[{"name":"wp","href":"https:\/\/api.w.org\/{rel}","templated":true}]}}