{"id":19306,"date":"2011-02-11T20:08:58","date_gmt":"2011-02-12T00:38:58","guid":{"rendered":"http:\/\/piel-l.org\/blog\/?p=19306"},"modified":"2011-02-11T20:47:07","modified_gmt":"2011-02-12T01:17:07","slug":"dermatologia-y-arte-edicion-285","status":"publish","type":"post","link":"https:\/\/piel-l.org\/blog\/19306","title":{"rendered":"Dermatolog\u00eda y Arte Edici\u00f3n 285"},"content":{"rendered":"<p>Mario Vargas Llosa: <strong>Elogio de la lectura y la ficci\u00f3n<\/strong><br \/>\n <em> Discurso Nobel<br \/>\n 7 diciembre de 2010<br \/>\n <\/em>Archivo Adjunto: <a href=\"http:\/\/piel-l.org\/blog\/wp-content\/uploads\/\/2011\/02\/DISCURSO-VARGAS-LLOSA.pdf\">DISCURSO VARGAS LLOSA.pdf<\/a><\/p>\n","protected":false},"excerpt":{"rendered":"<p>Mario Vargas Llosa: Elogio de la lectura y la ficci\u00f3n Discurso Nobel 7 diciembre de 2010 Archivo Adjunto: DISCURSO VARGAS LLOSA.pdf<\/p>\n","protected":false},"author":22,"featured_media":0,"comment_status":"open","ping_status":"open","sticky":false,"template":"","format":"standard","meta":{"footnotes":""},"categories":[9],"tags":[],"class_list":["post-19306","post","type-post","status-publish","format-standard","","category-dermatologia-y-arte"],"_links":{"self":[{"href":"https:\/\/piel-l.org\/blog\/wp-json\/wp\/v2\/posts\/19306","targetHints":{"allow":["GET"]}}],"collection":[{"href":"https:\/\/piel-l.org\/blog\/wp-json\/wp\/v2\/posts"}],"about":[{"href":"https:\/\/piel-l.org\/blog\/wp-json\/wp\/v2\/types\/post"}],"author":[{"embeddable":true,"href":"https:\/\/piel-l.org\/blog\/wp-json\/wp\/v2\/users\/22"}],"replies":[{"embeddable":true,"href":"https:\/\/piel-l.org\/blog\/wp-json\/wp\/v2\/comments?post=19306"}],"version-history":[{"count":0,"href":"https:\/\/piel-l.org\/blog\/wp-json\/wp\/v2\/posts\/19306\/revisions"}],"wp:attachment":[{"href":"https:\/\/piel-l.org\/blog\/wp-json\/wp\/v2\/media?parent=19306"}],"wp:term":[{"taxonomy":"category","embeddable":true,"href":"https:\/\/piel-l.org\/blog\/wp-json\/wp\/v2\/categories?post=19306"},{"taxonomy":"post_tag","embeddable":true,"href":"https:\/\/piel-l.org\/blog\/wp-json\/wp\/v2\/tags?post=19306"}],"curies":[{"name":"wp","href":"https:\/\/api.w.org\/{rel}","templated":true}]}}