{"id":21901,"date":"2011-07-15T09:25:48","date_gmt":"2011-07-15T13:55:48","guid":{"rendered":"http:\/\/piel-l.org\/blog\/?p=21901"},"modified":"2011-07-16T09:26:19","modified_gmt":"2011-07-16T13:56:19","slug":"dermatologia-y-arte-edicion-295","status":"publish","type":"post","link":"https:\/\/piel-l.org\/blog\/21901","title":{"rendered":"Dermatologia y Arte Edici\u00f3n 295"},"content":{"rendered":"<p><em>\u201cTodas las cosas bellas comenzaron cantando&#8230; Hasta t\u00ed mi recuerdo Facundo!<\/em> Raquel M Ramos M<\/p>\n<p>Tuve noci\u00f3n de la existencia de este personaje legendario, en una \u00e9poca muy apropiada de la vida, la justa para recibir con los brazos abiertos su mensaje liberador, optimista, inteligente, de paz, con toda la capacidad de impregnar los espacios de mi \u00e1vida existencia. Fue terminando mi post grado de dermatolog\u00eda en el a\u00f1o de 1995. Le conoc\u00ed antes de que terminara el milenio, al finalizar una de esas experiencias vitales que es como yo llamar\u00eda a cada uno de los conciertos a los que pude asistir.\u00a0 Es muy gratificante el recuerdo de su abrazo, de su sonora voz.<\/p>\n<p><!--more--><img loading=\"lazy\" decoding=\"async\" class=\"alignnone size-full wp-image-21902\" title=\"facundo-1\" src=\"http:\/\/piel-l.org\/blog\/wp-content\/uploads\/\/2011\/07\/facundo-1.jpg\" alt=\"\" width=\"360\" height=\"271\" \/><\/p>\n<p>Vuelve a mi ciudad, Valencia, en el a\u00f1o 2006 en una gira que llamaron de \u201cdespedida\u201d (su salud era muy fr\u00e1gil), y como siempre, acudo al encuentro. Salgo del concierto con la sensaci\u00f3n de que no le volver\u00eda a ver.<\/p>\n<p>El pasado s\u00e1bado, estaba desayunando antes de entrar a las conferencias de ATD 2011, y me dicen: \u00bfSupiste? \u00a1mataron a Facundo Cabral! Tantas cosas pasaron por mi cabeza, sobre todo, control!!!! No es de gente grande llorar! Afortunadamente tantas de sus palabras eran de preparaci\u00f3n para el d\u00eda de la \u201cmudanza\u201d como \u00e9l le llamaba\u2026\u2026y yo se de memoria tantas y tantas palabras de Facundo\u2026.Al llegar la tarde, ya me dije: \u201cEs hora de poner en orden las ideas, porque lo que duele, duele\u201d. Y las l\u00e1grimas son libres.<\/p>\n<p>Me gustan muchas de sus canciones, las que cantaba solo, o a d\u00fao con Alberto Cort\u00e9s (lo mejor era verlos). Sus producciones discogr\u00e1ficas son todo un regalo para estar a solas y que te entre hasta lo m\u00e1s profundo su mensaje. Una invitaci\u00f3n a vivir!!!<\/p>\n<p>Un peque\u00f1o consuelo querido Facundo, siempre dec\u00edas \u201cel problema es morirte cuando no has vivido, yo me puedo ir en cualquier momento\u2026\u201d Ya liberado de las ganas, vuela libre querid\u00edsimo amigo. Gracias otra vez por tanto y tanto!<\/p>\n<p><strong>\u00a0 PARA TI DE FACUNDO CABRAL<\/strong><\/p>\n<p>Como los budistas, s\u00e9 que la palabra no es el hecho, si digo \u00abmanzana\u00bb no es la maravilla innombrable que enamora el verano, Si digo \u00ab\u00e1rbol\u00bb, apenas me acerco a lo que saben las aves; el caballo siempre fue y ser\u00e1 lo que es sin saber que as\u00ed lo nombro.<\/p>\n<p>S\u00e9 que la palabra no es el hecho, pero s\u00ed se que un d\u00eda mi padre baj\u00f3 de la monta\u00f1a y dijo unas palabras al o\u00eddo de mi madre, y la incendi\u00f3 de tal manera que hasta aqu\u00ed he llegado yo, continuando el poema que mi padre comenz\u00f3 con algunas palabras.<\/p>\n<p><img loading=\"lazy\" decoding=\"async\" class=\"alignnone size-full wp-image-21903\" title=\"facundo-2\" src=\"http:\/\/piel-l.org\/blog\/wp-content\/uploads\/\/2011\/07\/facundo-2.jpg\" alt=\"\" width=\"354\" height=\"236\" srcset=\"https:\/\/piel-l.org\/blog\/wp-content\/uploads\/2011\/07\/facundo-2.jpg 442w, https:\/\/piel-l.org\/blog\/wp-content\/uploads\/2011\/07\/facundo-2-390x260.jpg 390w\" sizes=\"auto, (max-width: 354px) 100vw, 354px\" \/><\/p>\n<p>Nacemos para encontrarnos (la vida es el arte del encuentro), encontrarnos para confirmar que la humanidad es una sola familia y que habitamos un pa\u00eds llamado Tierra. Somos hijos del amor, por lo tanto nacemos para la felicidad (fuera de la felicidad son todos pretextos), y debemos ser felices tambi\u00e9n por nuestros hijos, porque no hay nada mejor que recordar padres felices.<\/p>\n<p>Hay tantas cosas para gozar y nuestro paso por la Tierra es tan corto, que sufrir es una p\u00e9rdida de tiempo. Adem\u00e1s, el universo siempre est\u00e1 dispuesto a complacernos, por eso estamos rodeados de buenas noticias. Cada ma\u00f1ana es una buena noticia. Cada ni\u00f1o que nace es una buena noticia, cada cantor es una buena noticia, porque cada cantor es un soldado menos, por eso hay que cuidarse del que no canta porque algo esconde.<\/p>\n<p>Eso lo aprend\u00ed de mi madre que fue la primera buena noticia que conoc\u00ed.<\/p>\n<p>Se llamaba Sara y nunca pudo ser inteligente porque cada vez que estaba por aprender algo llegaba la felicidad y la distra\u00eda, nunca us\u00f3 agenda porque s\u00f3lo hac\u00eda lo que amaba, y eso se lo recordaba el coraz\u00f3n. Se dedic\u00f3 a vivir y no le quedaba tiempo para hacer otra cosa.<\/p>\n<p>De mi madre tambi\u00e9n aprend\u00ed que nunca es tarde, que siempre se puede empezar de nuevo, ahora mismo, le puedes decir basta a la mujer (o al hombre) que ya no amas, al trabajo que odias, a las cosas que te encadenan a la tarjeta de cr\u00e9dito, a los noticieros que te envenenan desde la ma\u00f1ana, a los que quieren dirigir tu vida, ahora mismo le puedes decir \u00abbasta\u00bb al miedo que heredaste, porque la vida es aqu\u00ed y ahora mismo.<\/p>\n<p>Me he transformado en un hombre libre (como debe ser), es decir que mi vida se ha transformado en una fiesta que vivo, en todo el mundo, desde la austeridad del fr\u00edo patag\u00f3nico a la lujuria del Caribe, desde la l\u00facida locura de Manhattan al misterio que enriquece a la India, donde la Madre Teresa sabe que debemos dar hasta que duela.<\/p>\n<p>Caminando comprob\u00e9 que nos vamos encontrando con el otro, lenta, misteriosa, sensualmente, porque lo que teje esta red revolucionaria es la poes\u00eda. Ella nos lleva de la mano y debajo de la luna, hasta los \u00faltimos rincones del mundo, donde nos espera el compinche, uno m\u00e1s, el que contin\u00faa la l\u00ednea que ser\u00e1 un c\u00edrculo que abarcar\u00e1 el planeta. Esta es la revoluci\u00f3n fundamental, el revolucionarse instant\u00e1neamente para armonizar con la vida, que es cambio permanente, por eso nos vamos encontrando fatalmente para iluminar cada rinc\u00f3n.<\/p>\n<p>&nbsp;<\/p>\n<p>Que nada te distraiga de ti mismo, debes estar atento porque todav\u00eda no gozaste la m\u00e1s grande alegr\u00eda ni sufriste el m\u00e1s grande dolor. Vac\u00eda la copa cada noche para que Dios te la llene de agua nueva en el nuevo d\u00eda.<\/p>\n<p>Vive de instante en instante porque eso es la vida. Me cost\u00f3 57 a\u00f1os llegar hasta aqu\u00ed, \u00bfc\u00f3mo no gozar y respetar este momento? Se gana y se pierde, se sube y se baja, se nace y se muere. Y si la historia es tan simple, \u00bfpor qu\u00e9 te preocupas tanto?.<\/p>\n<p style=\"text-align: left;\" align=\"center\"><img loading=\"lazy\" decoding=\"async\" class=\"alignnone size-full wp-image-21904\" title=\"facundo-3\" src=\"http:\/\/piel-l.org\/blog\/wp-content\/uploads\/\/2011\/07\/facundo-3.jpg\" alt=\"\" width=\"241\" height=\"171\" \/><\/p>\n<p>No te sientas aparte y olvidado, todos somos la sal de la Tierra. En la tranquilidad hay salud, como plenitud dentro de uno. Perd\u00f3nate, ac\u00e9ptate, recon\u00f3cete y \u00e1mate, recuerda que tienes que vivir contigo mismo por la eternidad, borra el pasado para no repetirlo, para no abandonar como tu padre, para no desanimarte como tu madre, para no tratarte como te trataron ellos, pero no los culpes porque nadie puede ense\u00f1ar lo que no sabe, perd\u00f3nalos y te liberar\u00e1s de esas cadenas.<\/p>\n<p>Si est\u00e1s atento al presente, el pasado no te distraer\u00e1, entonces ser\u00e1s siempre nuevo. Tienes el poder para ser libre en este mismo momento, el poder est\u00e1 siempre en el presente porque toda la vida est\u00e1 en cada instante, pero no digas \u00abno puedo\u00bb ni en broma porque el inconsciente no tiene sentido de humor, lo tomar\u00e1 en serio y te lo recordar\u00e1 cada vez que lo intentes.<\/p>\n<p>Si quieres recuperar la salud abandona la cr\u00edtica, el resentimiento y la culpa, responsables de nuestras enfermedades.<\/p>\n<p>Perdona a todos y perd\u00f3nate, no hay liberaci\u00f3n m\u00e1s grande que el perd\u00f3n, no hay nada como vivir sin enemigos. Nada peor para la cabeza y por lo tanto para el cuerpo, que el miedo, la culpa, el resentimiento y la cr\u00edtica que te hace juez (agotadora y vana tarea) y c\u00f3mplice de lo que te disgusta.<\/p>\n<p>Culpar a los dem\u00e1s es no aceptar la responsabilidad de nuestra vida, es distraerse de ella.<\/p>\n<p>El bien y el mal viven dentro de ti, alimenta m\u00e1s al bien para que sea el vencedor cada vez que tengan que enfrentarse. Lo que llamamos problemas son lecciones, por eso nada de lo que nos sucede es en vano.<\/p>\n<p>No te quejes, recuerda que naciste desnudo, entonces ese pantal\u00f3n y esa camisa que llevas ya son ganancia. Cuida el presente porque en \u00e9l vivir\u00e1s el resto de tu vida. Lib\u00e9rate de la ansiedad, piensa que lo que debe ser ser\u00e1, y suceder\u00e1 naturalmente.<\/p>\n<p>&nbsp;<\/p>\n<p><strong>DERMATOLOGIA Y MUSICA.<\/strong><\/p>\n<p><strong>HOY ES UN NUEVO DIA. FACUNDO CABRAL<\/strong><\/p>\n<p><strong>[youtube]http:\/\/www.youtube.com\/watch?v=rt5vx_aRq-w[\/youtube]<\/strong><\/p>\n<p><a href=\"http:\/\/youtu.be\/rt5vx_aRq-w\"><strong><br \/><\/strong><\/a><strong><\/strong><\/p>\n","protected":false},"excerpt":{"rendered":"<p>\u201cTodas las cosas bellas comenzaron cantando&#8230; Hasta t\u00ed mi recuerdo Facundo! Raquel M Ramos M Tuve noci\u00f3n de la existencia de este personaje legendario, en una \u00e9poca muy apropiada de la vida, la justa para recibir con los brazos abiertos su mensaje liberador, optimista, inteligente, de paz, con toda la capacidad de impregnar los espacios &hellip;<\/p>\n","protected":false},"author":22,"featured_media":0,"comment_status":"open","ping_status":"open","sticky":false,"template":"","format":"standard","meta":{"footnotes":""},"categories":[9],"tags":[],"class_list":["post-21901","post","type-post","status-publish","format-standard","","category-dermatologia-y-arte"],"_links":{"self":[{"href":"https:\/\/piel-l.org\/blog\/wp-json\/wp\/v2\/posts\/21901","targetHints":{"allow":["GET"]}}],"collection":[{"href":"https:\/\/piel-l.org\/blog\/wp-json\/wp\/v2\/posts"}],"about":[{"href":"https:\/\/piel-l.org\/blog\/wp-json\/wp\/v2\/types\/post"}],"author":[{"embeddable":true,"href":"https:\/\/piel-l.org\/blog\/wp-json\/wp\/v2\/users\/22"}],"replies":[{"embeddable":true,"href":"https:\/\/piel-l.org\/blog\/wp-json\/wp\/v2\/comments?post=21901"}],"version-history":[{"count":0,"href":"https:\/\/piel-l.org\/blog\/wp-json\/wp\/v2\/posts\/21901\/revisions"}],"wp:attachment":[{"href":"https:\/\/piel-l.org\/blog\/wp-json\/wp\/v2\/media?parent=21901"}],"wp:term":[{"taxonomy":"category","embeddable":true,"href":"https:\/\/piel-l.org\/blog\/wp-json\/wp\/v2\/categories?post=21901"},{"taxonomy":"post_tag","embeddable":true,"href":"https:\/\/piel-l.org\/blog\/wp-json\/wp\/v2\/tags?post=21901"}],"curies":[{"name":"wp","href":"https:\/\/api.w.org\/{rel}","templated":true}]}}